{"id":9081,"date":"2024-01-24T11:01:46","date_gmt":"2024-01-24T08:01:46","guid":{"rendered":"https:\/\/www.cfwt.sua.ac.tz\/ecosystems\/?p=9081"},"modified":"2024-01-24T11:02:07","modified_gmt":"2024-01-24T08:02:07","slug":"call-for-nominations-for-the-2024-cpf-wangari-maathai-forest-champion-award","status":"publish","type":"post","link":"https:\/\/www.cfwt.sua.ac.tz\/ecosystems\/news\/call-for-nominations-for-the-2024-cpf-wangari-maathai-forest-champion-award","title":{"rendered":"Call for Nominations for the 2024 CPF Wangari Maathai Forest Champion Award"},"content":{"rendered":"<table border=\"0\" width=\"100%\" cellspacing=\"0\" cellpadding=\"0\">\n<tbody>\n<tr>\n<td valign=\"top\">\n<table class=\"m_-6090442700035964650mcnTextContentContainer\" border=\"0\" width=\"100%\" cellspacing=\"0\" cellpadding=\"0\" align=\"left\">\n<tbody>\n<tr>\n<td class=\"m_-6090442700035964650mcnTextContent\" valign=\"top\"><em>Do you know inspiring forest champions who are making a difference in their communities, forest landscapes or around the world?<\/em><\/p>\n<p>The\u00a0Collaborative Partnership on Forests (CPF) today opened nominations for the 7th\u00a0<a href=\"https:\/\/afforum.us3.list-manage.com\/track\/click?u=25dfc2de0be5d30a1bf56277b&amp;id=604b2459a4&amp;e=a0ffd3affb\" target=\"_blank\" rel=\"noopener\" data-saferedirecturl=\"https:\/\/www.google.com\/url?q=https:\/\/afforum.us3.list-manage.com\/track\/click?u%3D25dfc2de0be5d30a1bf56277b%26id%3D604b2459a4%26e%3Da0ffd3affb&amp;source=gmail&amp;ust=1706169385899000&amp;usg=AOvVaw15H9gZ-SNNyOrKz8XzlOty\">Wangari Maathai Forest Champions Award<\/a>, an honour granted to individuals who have made extraordinary efforts to improve the world\u2019s forests and the lives of people who depend on them.\u00a0The Call for Nominations for the 2024 Forest Champion is open\u00a0<strong><u>until 10 February\u00a0<\/u><\/strong><strong><u>2024<\/u><\/strong>.<\/p>\n<p style=\"text-align: center;\"><a href=\"https:\/\/afforum.us3.list-manage.com\/track\/click?u=25dfc2de0be5d30a1bf56277b&amp;id=f4895d5b26&amp;e=a0ffd3affb\" target=\"_blank\" rel=\"noopener\" data-saferedirecturl=\"https:\/\/www.google.com\/url?q=https:\/\/afforum.us3.list-manage.com\/track\/click?u%3D25dfc2de0be5d30a1bf56277b%26id%3Df4895d5b26%26e%3Da0ffd3affb&amp;source=gmail&amp;ust=1706169385899000&amp;usg=AOvVaw39lNi6FYJ1r1zeStoDH2v9\"><strong>NOMINATE NOW<\/strong><\/a><\/p>\n<p>The jury will select a winner based on outstanding contributions to conserve, restore and sustainably manage forests. This year, particular emphasis will be placed on achievements in:<\/p>\n<ul>\n<li>reducing <a title=\"How forest loss has changed biodiversity across the globe over the last 150 years\" href=\"https:\/\/www.cfwt.sua.ac.tz\/ecosystems\/news\/how-forest-loss-has-changed-biodiversity-across-the-globe-over-the-last-150-years\">forest loss<\/a><\/li>\n<li>increasing <a title=\"Science without Borders Challenge 2024\" href=\"https:\/\/www.cfwt.sua.ac.tz\/ecosystems\/news\/science-without-borders-challenge-2024\">forest<\/a> area<\/li>\n<li>increasing the use of <a title=\"FBA 605: Productivity, Improvement and Sustainability in Agroforestry Systems\" href=\"https:\/\/www.cfwt.sua.ac.tz\/ecosystems\/study\/fba-605-productivity-improvement-and-sustainability-in-agroforestry-systems\">sustainably grown wood and non-wood products<\/a><\/li>\n<li>building resilient forest <a title=\"Community rights and REDD+ in Indonesia\" href=\"https:\/\/www.cfwt.sua.ac.tz\/ecosystems\/news\/community-rights-and-redd-in-indonesia\">communities<\/a>, and<\/li>\n<li>improving livelihoods and youth engagement.<\/li>\n<\/ul>\n<p><em>Nominations related to grassroots and youth-led initiatives are especially encouraged<\/em><em>.<\/em><\/p>\n<p>Along with international recognition, the winner will receive a cash prize of USD 20 000 and will be invited to attend an award ceremony at the 27th Session of the FAO\u00a0<a href=\"https:\/\/afforum.us3.list-manage.com\/track\/click?u=25dfc2de0be5d30a1bf56277b&amp;id=e8e84af7fd&amp;e=a0ffd3affb\" target=\"_blank\" rel=\"noopener\" data-saferedirecturl=\"https:\/\/www.google.com\/url?q=https:\/\/afforum.us3.list-manage.com\/track\/click?u%3D25dfc2de0be5d30a1bf56277b%26id%3De8e84af7fd%26e%3Da0ffd3affb&amp;source=gmail&amp;ust=1706169385899000&amp;usg=AOvVaw3967X4BJBgJ5zcJpwTOCIs\">Committee on Forestry<\/a>\u00a0(COFO) which will take place 22-26 July 2024 in Rome.<\/p>\n<p>The CPF launched the first Wangari Maathai <a title=\"African Forest Forum Quarterly Newsletter -Volume 8 Issue 1\" href=\"https:\/\/www.cfwt.sua.ac.tz\/ecosystems\/news\/african-forest-forum-quarterly-newsletter-volume-8-issue-1\">Forest Champions Award in 2012 to honour and commemorate the impact of the late Kenyan environmentalist, who championed forest issues<\/a> across the globe.<\/p>\n<p>Previous Wangari Maathai Forest Champion Award winners are Nepalese community forestry movement leader\u00a0<a href=\"https:\/\/afforum.us3.list-manage.com\/track\/click?u=25dfc2de0be5d30a1bf56277b&amp;id=68fea9639b&amp;e=a0ffd3affb\" target=\"_blank\" rel=\"noopener\" data-saferedirecturl=\"https:\/\/www.google.com\/url?q=https:\/\/afforum.us3.list-manage.com\/track\/click?u%3D25dfc2de0be5d30a1bf56277b%26id%3D68fea9639b%26e%3Da0ffd3affb&amp;source=gmail&amp;ust=1706169385899000&amp;usg=AOvVaw00jGjTSydhzvCXuPhDoQKG\">Narayan Kaji Shrestha<\/a>\u00a0(2012), Mexican environmental campaigner\u00a0<a href=\"https:\/\/afforum.us3.list-manage.com\/track\/click?u=25dfc2de0be5d30a1bf56277b&amp;id=05fe09ff9c&amp;e=a0ffd3affb\" target=\"_blank\" rel=\"noopener\" data-saferedirecturl=\"https:\/\/www.google.com\/url?q=https:\/\/afforum.us3.list-manage.com\/track\/click?u%3D25dfc2de0be5d30a1bf56277b%26id%3D05fe09ff9c%26e%3Da0ffd3affb&amp;source=gmail&amp;ust=1706169385899000&amp;usg=AOvVaw2ReMRVZtMHOIMzNey0SGqa\">Martha Isabel \u2018Pati\u2019 Ruiz Corzo<\/a>\u00a0(2014), Ugandan forestry activist\u00a0<a href=\"https:\/\/afforum.us3.list-manage.com\/track\/click?u=25dfc2de0be5d30a1bf56277b&amp;id=e095cb1486&amp;e=a0ffd3affb\" target=\"_blank\" rel=\"noopener\" data-saferedirecturl=\"https:\/\/www.google.com\/url?q=https:\/\/afforum.us3.list-manage.com\/track\/click?u%3D25dfc2de0be5d30a1bf56277b%26id%3De095cb1486%26e%3Da0ffd3affb&amp;source=gmail&amp;ust=1706169385899000&amp;usg=AOvVaw2soMrUJ1r2vSzooS1v6c29\">Gertrude Kabusimbi Kenyangi<\/a>\u00a0(2015), Brazilian forestry activist\u00a0<a href=\"https:\/\/afforum.us3.list-manage.com\/track\/click?u=25dfc2de0be5d30a1bf56277b&amp;id=c2fb7eb398&amp;e=a0ffd3affb\" target=\"_blank\" rel=\"noopener\" data-saferedirecturl=\"https:\/\/www.google.com\/url?q=https:\/\/afforum.us3.list-manage.com\/track\/click?u%3D25dfc2de0be5d30a1bf56277b%26id%3Dc2fb7eb398%26e%3Da0ffd3affb&amp;source=gmail&amp;ust=1706169385899000&amp;usg=AOvVaw1Dd4tJCFlak3VL1IAo43l7\">Maria Margarida Ribeiro da Silva<\/a>\u00a0(2017), Burundian forestry activist\u00a0<a href=\"https:\/\/afforum.us3.list-manage.com\/track\/click?u=25dfc2de0be5d30a1bf56277b&amp;id=dd797b0025&amp;e=a0ffd3affb\" target=\"_blank\" rel=\"noopener\" data-saferedirecturl=\"https:\/\/www.google.com\/url?q=https:\/\/afforum.us3.list-manage.com\/track\/click?u%3D25dfc2de0be5d30a1bf56277b%26id%3Ddd797b0025%26e%3Da0ffd3affb&amp;source=gmail&amp;ust=1706169385899000&amp;usg=AOvVaw0vJEF73_Es484_F_aT1yO2\">L\u00e9onidas Nzigiyimpa<\/a>\u00a0(2019), and Cameroonian activist and social forester\u00a0<a href=\"https:\/\/afforum.us3.list-manage.com\/track\/click?u=25dfc2de0be5d30a1bf56277b&amp;id=dbe5a35d6b&amp;e=a0ffd3affb\" target=\"_blank\" rel=\"noopener\" data-saferedirecturl=\"https:\/\/www.google.com\/url?q=https:\/\/afforum.us3.list-manage.com\/track\/click?u%3D25dfc2de0be5d30a1bf56277b%26id%3Ddbe5a35d6b%26e%3Da0ffd3affb&amp;source=gmail&amp;ust=1706169385899000&amp;usg=AOvVaw3oyHxPTvbYFO8YRuP5l86s\">C\u00e9cile Ndjebet<\/a>\u00a0(2022).<\/p>\n<p><img loading=\"lazy\" decoding=\"async\" class=\"CToWUd a6T\" tabindex=\"0\" src=\"https:\/\/ci3.googleusercontent.com\/meips\/ADKq_NbPr3N7qo23OiJv6y0_QV3AgUvTRY4NyUWrOlnJKTPu2bYmfa2UMrwaRy7yww0RCwJyS_BeB14YE5Dtr3jknvaeSrzJtG2u9Rh62wiyOkBu9wefIU_7aeRDRdLEklEUfc9tlqCPwC8ukvIj857CcqkR8w4wOHnMAjU=s0-d-e1-ft#https:\/\/mcusercontent.com\/25dfc2de0be5d30a1bf56277b\/images\/e48d937b-cf62-f85c-54f8-da3c617d9dc3.jpg\" width=\"700\" height=\"117\" data-bit=\"iit\" \/><\/p>\n<p><strong>Fran\u00e7ais\u00a0<\/strong><\/td>\n<\/tr>\n<\/tbody>\n<\/table>\n<\/td>\n<\/tr>\n<\/tbody>\n<\/table>\n<table border=\"0\" width=\"100%\" cellspacing=\"0\" cellpadding=\"0\">\n<tbody>\n<tr>\n<td valign=\"top\">\n<table class=\"m_-6090442700035964650mcnTextContentContainer\" border=\"0\" width=\"100%\" cellspacing=\"0\" cellpadding=\"0\" align=\"left\">\n<tbody>\n<tr>\n<td class=\"m_-6090442700035964650mcnTextContent\" valign=\"top\">\n<h1>Ouverture des candidatures pour le prix Wangari Maathai \u00abChampions de la cause des for\u00eats\u00bb<\/h1>\n<p><img loading=\"lazy\" decoding=\"async\" class=\"CToWUd a6T\" tabindex=\"0\" src=\"https:\/\/ci3.googleusercontent.com\/meips\/ADKq_NYNQ-CFxy3amlZbeYZmzj9UAfDotllKbDW4f87jhWqSj9kHK29ygZsSjRHfX2b1k0QlLQCbKDqXCyUcHbW4u-CQMcmPCClE352JFBcFDc-rr6tmaBVQVl8ORkGdQLZGHWAwwKzZBWKHmqcCLFsXTT0UneryjczrYCQ=s0-d-e1-ft#https:\/\/mcusercontent.com\/25dfc2de0be5d30a1bf56277b\/images\/bd8888dd-7837-e733-ace4-ed8cfee1ba29.jpg\" width=\"500\" height=\"411\" data-bit=\"iit\" \/><\/p>\n<p><strong>Se abre la postulaci\u00f3n de candidaturas para el Premio Wangari Maathai Defensores de los Bosques<\/strong><\/p>\n<p><em>Conoces a personas inspiradoras que defiendan los bosques y hagan la diferencia en sus comunidades, paisajes forestales o en todo el mundo?<\/em><\/p>\n<p>La Asociaci\u00f3n de Colaboraci\u00f3n en materia de Bosques (ACB) abri\u00f3 hoy la postulaci\u00f3n de candidaturas para la s\u00e9ptima edici\u00f3n del\u00a0<a href=\"https:\/\/afforum.us3.list-manage.com\/track\/click?u=25dfc2de0be5d30a1bf56277b&amp;id=e159d09338&amp;e=a0ffd3affb\" target=\"_blank\" rel=\"noopener\" data-saferedirecturl=\"https:\/\/www.google.com\/url?q=https:\/\/afforum.us3.list-manage.com\/track\/click?u%3D25dfc2de0be5d30a1bf56277b%26id%3De159d09338%26e%3Da0ffd3affb&amp;source=gmail&amp;ust=1706169385900000&amp;usg=AOvVaw3RvNafHpzoFmj3HGwW7fFv\">Premio Wangari Maathai Defensores de los Bosques<\/a>, reconocimiento que se otorga a las personas que han realizado esfuerzos extraordinarios para mejorar los bosques del mundo y la vida de las personas que dependen de ellos.\u00a0La fecha l\u00edmite para presentar las postulaciones es el\u00a0<strong><u>10 de febrero de 2024.<\/u><\/strong><\/p>\n<p><a href=\"https:\/\/afforum.us3.list-manage.com\/track\/click?u=25dfc2de0be5d30a1bf56277b&amp;id=233e860ccf&amp;e=a0ffd3affb\" target=\"_blank\" rel=\"noopener\" data-saferedirecturl=\"https:\/\/www.google.com\/url?q=https:\/\/afforum.us3.list-manage.com\/track\/click?u%3D25dfc2de0be5d30a1bf56277b%26id%3D233e860ccf%26e%3Da0ffd3affb&amp;source=gmail&amp;ust=1706169385900000&amp;usg=AOvVaw1c88R1qhRvdRZmHLHTvvZt\"><strong>POSTULE AQU\u00cd<\/strong><\/a><\/p>\n<p>En nuestro Premio \u201cDefensores de los Bosques\u201d 2024 buscamos personas que tengan antecedentes de logros en su labor para:<\/p>\n<ul>\n<li>reducir la p\u00e9rdida de bosques<\/li>\n<li>aumentar la superficie de los bosques<\/li>\n<li>aumentar el uso de productos madereros y no madereros obtenidos de forma sostenible<\/li>\n<li>contribuir a la creaci\u00f3n de comunidades forestales resilientes<\/li>\n<li>mejorar los medios de vida y la participaci\u00f3n de los j\u00f3venes.<\/li>\n<\/ul>\n<p><em>Nota: Se alienta especialmente a presentar postulaciones que se relacionen con iniciativas comunitarias y desarrolladas por j\u00f3venes.<\/em><\/p>\n<p>Junto con el reconocimiento internacional, la persona ganadora recibir\u00e1 un premio en efectivo de USD 20 000 y ser\u00e1 invitada a asistir a una ceremonia de premiaci\u00f3n en la 27\u00aa Sesi\u00f3n del\u00a0<a href=\"https:\/\/afforum.us3.list-manage.com\/track\/click?u=25dfc2de0be5d30a1bf56277b&amp;id=32c432f0a5&amp;e=a0ffd3affb\" target=\"_blank\" rel=\"noopener\" data-saferedirecturl=\"https:\/\/www.google.com\/url?q=https:\/\/afforum.us3.list-manage.com\/track\/click?u%3D25dfc2de0be5d30a1bf56277b%26id%3D32c432f0a5%26e%3Da0ffd3affb&amp;source=gmail&amp;ust=1706169385900000&amp;usg=AOvVaw2pM2uUKMsQY6UgIQDoJccE\">Comit\u00e9 Forestal<\/a>\u00a0de la FAO (COFO), que tendr\u00e1 lugar del 22 al 26 de julio de 2024 en Roma.<\/p>\n<p>La ACB lanz\u00f3 la primera edici\u00f3n del Premio Wangari Maathai Defensores de los Bosques en 2012 para rendir homenaje y conmemorar el impacto de la difunta ambientalista keniana, que defendi\u00f3 la causa forestal en todo el mundo<\/p>\n<p>Los anteriores ganadores del Premio Wangari Maathai Defensores de los Bosques son: el l\u00edder del movimiento forestal comunitario nepal\u00e9s\u00a0<a href=\"https:\/\/afforum.us3.list-manage.com\/track\/click?u=25dfc2de0be5d30a1bf56277b&amp;id=f6190b6da9&amp;e=a0ffd3affb\" target=\"_blank\" rel=\"noopener\" data-saferedirecturl=\"https:\/\/www.google.com\/url?q=https:\/\/afforum.us3.list-manage.com\/track\/click?u%3D25dfc2de0be5d30a1bf56277b%26id%3Df6190b6da9%26e%3Da0ffd3affb&amp;source=gmail&amp;ust=1706169385900000&amp;usg=AOvVaw25zQJhCoae7rz3ZnMgXLYJ\">Narayan Kaji Shrestha<\/a>\u00a0(2012), la activista ambiental mexicana\u00a0<a href=\"https:\/\/afforum.us3.list-manage.com\/track\/click?u=25dfc2de0be5d30a1bf56277b&amp;id=d782cfb552&amp;e=a0ffd3affb\" target=\"_blank\" rel=\"noopener\" data-saferedirecturl=\"https:\/\/www.google.com\/url?q=https:\/\/afforum.us3.list-manage.com\/track\/click?u%3D25dfc2de0be5d30a1bf56277b%26id%3Dd782cfb552%26e%3Da0ffd3affb&amp;source=gmail&amp;ust=1706169385900000&amp;usg=AOvVaw2lh1uRTbXKj16nQnh5Rtvu\">Martha Isabel &#8216;Pati&#8217; Ruiz Corzo<\/a>\u00a0(2014), la activista forestal de Uganda\u00a0<a href=\"https:\/\/afforum.us3.list-manage.com\/track\/click?u=25dfc2de0be5d30a1bf56277b&amp;id=10b2800278&amp;e=a0ffd3affb\" target=\"_blank\" rel=\"noopener\" data-saferedirecturl=\"https:\/\/www.google.com\/url?q=https:\/\/afforum.us3.list-manage.com\/track\/click?u%3D25dfc2de0be5d30a1bf56277b%26id%3D10b2800278%26e%3Da0ffd3affb&amp;source=gmail&amp;ust=1706169385900000&amp;usg=AOvVaw0Zg1JVhnVdRejKdirvJ-hA\">Gertrude Kabusimbi Kenyangi<\/a>\u00a0(2015), la activista forestal brasile\u00f1a\u00a0<a href=\"https:\/\/afforum.us3.list-manage.com\/track\/click?u=25dfc2de0be5d30a1bf56277b&amp;id=cc6968d74a&amp;e=a0ffd3affb\" target=\"_blank\" rel=\"noopener\" data-saferedirecturl=\"https:\/\/www.google.com\/url?q=https:\/\/afforum.us3.list-manage.com\/track\/click?u%3D25dfc2de0be5d30a1bf56277b%26id%3Dcc6968d74a%26e%3Da0ffd3affb&amp;source=gmail&amp;ust=1706169385900000&amp;usg=AOvVaw1m9XO2ZOCj8Xg5Du2fp7n0\">Maria Margarida Ribeiro da Silva<\/a>\u00a0(2017), el activista forestal de Burund\u00ed\u00a0<a href=\"https:\/\/afforum.us3.list-manage.com\/track\/click?u=25dfc2de0be5d30a1bf56277b&amp;id=018ec73fd9&amp;e=a0ffd3affb\" target=\"_blank\" rel=\"noopener\" data-saferedirecturl=\"https:\/\/www.google.com\/url?q=https:\/\/afforum.us3.list-manage.com\/track\/click?u%3D25dfc2de0be5d30a1bf56277b%26id%3D018ec73fd9%26e%3Da0ffd3affb&amp;source=gmail&amp;ust=1706169385900000&amp;usg=AOvVaw2O-fZPh85cz5qOhnhKuIGr\">L\u00e9onidas Nzigiyimpa<\/a>\u00a0(2019) y la activista y silvicultora social camerunesa\u00a0<a href=\"https:\/\/afforum.us3.list-manage.com\/track\/click?u=25dfc2de0be5d30a1bf56277b&amp;id=fcccbb61eb&amp;e=a0ffd3affb\" target=\"_blank\" rel=\"noopener\" data-saferedirecturl=\"https:\/\/www.google.com\/url?q=https:\/\/afforum.us3.list-manage.com\/track\/click?u%3D25dfc2de0be5d30a1bf56277b%26id%3Dfcccbb61eb%26e%3Da0ffd3affb&amp;source=gmail&amp;ust=1706169385900000&amp;usg=AOvVaw0cTA2caYhC8Pa2NO_Suq_J\">C\u00e9cile Ndjebet<\/a>\u00a0(2022).<\/p>\n<p>Por m\u00e1s informaci\u00f3n sobre el Premio Wangari Maathai Defensores de los Bosques y sobre la forma de presentar las candidaturas, visite los enlaces (disponibles en espa\u00f1ol, ingl\u00e9s y franc\u00e9s).<\/p>\n<p><img loading=\"lazy\" decoding=\"async\" class=\"CToWUd a6T\" tabindex=\"0\" src=\"https:\/\/ci3.googleusercontent.com\/meips\/ADKq_NbPr3N7qo23OiJv6y0_QV3AgUvTRY4NyUWrOlnJKTPu2bYmfa2UMrwaRy7yww0RCwJyS_BeB14YE5Dtr3jknvaeSrzJtG2u9Rh62wiyOkBu9wefIU_7aeRDRdLEklEUfc9tlqCPwC8ukvIj857CcqkR8w4wOHnMAjU=s0-d-e1-ft#https:\/\/mcusercontent.com\/25dfc2de0be5d30a1bf56277b\/images\/e48d937b-cf62-f85c-54f8-da3c617d9dc3.jpg\" width=\"700\" height=\"117\" data-bit=\"iit\" \/><\/p>\n<p><em>*This information is shared by AFF on behalf of the FAO Regional Office for Africa<\/em><\/td>\n<\/tr>\n<\/tbody>\n<\/table>\n<\/td>\n<\/tr>\n<\/tbody>\n<\/table>\n","protected":false},"excerpt":{"rendered":"<p>Do you know inspiring forest champions who are making a difference in their communities, forest landscapes or around the world? The\u00a0Collaborative Partnership on Forests (CPF) today opened nominations for the 7th\u00a0Wangari Maathai Forest Champions Award, an honour granted to individuals who have made extraordinary efforts to improve the world\u2019s forests and the lives of people [&hellip;]<\/p>\n","protected":false},"author":2,"featured_media":9082,"comment_status":"closed","ping_status":"closed","sticky":false,"template":"","format":"standard","meta":{"footnotes":""},"categories":[4],"tags":[],"class_list":["post-9081","post","type-post","status-publish","format-standard","has-post-thumbnail","hentry","category-news"],"_links":{"self":[{"href":"https:\/\/www.cfwt.sua.ac.tz\/ecosystems\/wp-json\/wp\/v2\/posts\/9081","targetHints":{"allow":["GET"]}}],"collection":[{"href":"https:\/\/www.cfwt.sua.ac.tz\/ecosystems\/wp-json\/wp\/v2\/posts"}],"about":[{"href":"https:\/\/www.cfwt.sua.ac.tz\/ecosystems\/wp-json\/wp\/v2\/types\/post"}],"author":[{"embeddable":true,"href":"https:\/\/www.cfwt.sua.ac.tz\/ecosystems\/wp-json\/wp\/v2\/users\/2"}],"replies":[{"embeddable":true,"href":"https:\/\/www.cfwt.sua.ac.tz\/ecosystems\/wp-json\/wp\/v2\/comments?post=9081"}],"version-history":[{"count":5,"href":"https:\/\/www.cfwt.sua.ac.tz\/ecosystems\/wp-json\/wp\/v2\/posts\/9081\/revisions"}],"predecessor-version":[{"id":9088,"href":"https:\/\/www.cfwt.sua.ac.tz\/ecosystems\/wp-json\/wp\/v2\/posts\/9081\/revisions\/9088"}],"wp:featuredmedia":[{"embeddable":true,"href":"https:\/\/www.cfwt.sua.ac.tz\/ecosystems\/wp-json\/wp\/v2\/media\/9082"}],"wp:attachment":[{"href":"https:\/\/www.cfwt.sua.ac.tz\/ecosystems\/wp-json\/wp\/v2\/media?parent=9081"}],"wp:term":[{"taxonomy":"category","embeddable":true,"href":"https:\/\/www.cfwt.sua.ac.tz\/ecosystems\/wp-json\/wp\/v2\/categories?post=9081"},{"taxonomy":"post_tag","embeddable":true,"href":"https:\/\/www.cfwt.sua.ac.tz\/ecosystems\/wp-json\/wp\/v2\/tags?post=9081"}],"curies":[{"name":"wp","href":"https:\/\/api.w.org\/{rel}","templated":true}]}}